{"id":5871,"date":"2020-10-02T05:02:36","date_gmt":"2020-10-02T05:02:36","guid":{"rendered":"http:\/\/prueba.seine.com.uy\/wp\/?p=5871"},"modified":"2020-09-25T05:09:32","modified_gmt":"2020-09-25T05:09:32","slug":"rencontre-aquaculture-touquet","status":"publish","type":"post","link":"http:\/\/prueba.seine.com.uy\/wp\/2020\/10\/02\/rencontre-aquaculture-touquet\/","title":{"rendered":"Rencontre Aquaculture Touquet"},"content":{"rendered":"<p>Le projet europ\u00e9en P3AGI partenariat public-priv\u00e9 organise une universit\u00e9 d\u00e9t\u00e9 sur limagerie et la g\u00e9nomique au service de l\u00e9tude des maladies allergiques \u00e0 lUniversit\u00e9 de m\u00e9decine de Vienne Expositions 10 regards dartistes sur lestran.  \u03b1\u03c3\u03c6\u03b1\u03bb\u03b9\u03c3\u03b7 \u03b1\u03bd\u03b5\u03c1\u03b3\u03c9\u03bd \u03c3\u03c4\u03bf \u03b9\u03ba\u03b1 \u03b4\u03b9\u03ba\u03b1\u03b9\u03bf\u03bb\u03bf\u03b3\u03b7\u03c4\u03b9\u03ba\u03b1 Joined: Tue Sep 02, 2014 2:19 pm <img decoding=\"async\" src=\"http:\/\/www.puortaldovt.cf\/cache\/avatars\/90081_1523033450_fr.png\" alt=\"rencontre aquaculture touquet\" align=\"right\">  Cuisiner est devenu un hobby dans les pays industrialis\u00e9s. Dans le m\u00eame temps, la cuisine a aussi repris sa place au rang dart comme au XIXe si\u00e8cle. Aujourdhui cet engouement pour la cuisine et la gastronomie est utilis\u00e9 par les collectivit\u00e9s pour valoriser leur territoire, tant pour leur population que pour attirer des touristes. Mais ce mouvement ne laisse pas non plus indiff\u00e9rentes les industries agro-alimentaires. Des consommateurs militants testent des crevettes tropicales selon un protocole 1 qui les oblige \u00e0 bien se couvrir les yeux.. Pas de rock, ni de ventriglisse cet \u00e9t\u00e9 \u00e0 \u00c9taples-sur-Mer \u03ba\u03bb\u03af\u03bd\u03c9 \u03c4\u03bf \u03c1\u03ae\u03bc\u03b1 \u03c0\u03b1\u03af\u03b6\u03c9 \u03bc\u03b9\u03ba\u03c1\u03b5\u03c2 \u03b9\u03c3\u03c4\u03bf\u03c1\u03b9\u03b5\u03c2 \u03c6\u03bf\u03bd\u03bf\u03c5 \u03c3\u03ba\u03bf\u03bd\u03c4\u03b1 \u03be\u03b1\u03bd\u03b8\u03b7 \u03ba20 Cette version de lExposition mondiale annuelle sur le d\u00e9veloppement Sud-Sud est centr\u00e9e sur la s\u00e9curit\u00e9 alimentaire. <img decoding=\"async\" src=\"http:\/\/hairextensiaons.ga\/img\/LeMondeDuSurgele\/articles\/photos\/PYC-restaurant_chalon3.JPG\" alt=\"rencontre aquaculture touquet\" align=\"right\"> Salon Bio Marjolaine 2011 : les solutions existent, \u00e0 nous de les faire vivre!  Ce programme de recherche a pour objectif dinciter \u00e0 la construction de syst\u00e8mes durables de production, de transformation, de distribution et de consommation des aliments, en prenant en compte notamment la protection des \u00e9cosyst\u00e8mes. Les m\u00e9tiers de la mer : fileti\u00e8res, gar\u00e7ons de chais, ouvriers et ouvri\u00e8res de conserverie, mareyeurs, charpentiers navals etc. Le Marin, leader de la presse maritime en France, organise en partenariat avec Agefos PME et la R\u00e9gion Bretagne, et en collaboration avec le Cluster Maritime Fran\u00e7ais et clicandsea.fr, le 29 septembre prochain \u00e0 Paris, Port Debilly, le 1er Colloque Emploi-Formation fili\u00e8re Mer. Rendez-vous annuel des d\u00e9cideurs de lemploi et de la formation maritime, cette premi\u00e8re \u00e9dition r\u00e9unira plus de 150 participants avec un programme de conf\u00e9rences et de d\u00e9bats autour du th\u00e8me : les passerelles des m\u00e9tiers de la mer ou comment am\u00e9liorer la mobilit\u00e9 dans la fili\u00e8re mer. Source : https:s3.gy.digitalboxpharmacyuploadsassetdata8684SCHWEDEN-BITTER-200ml-enlarge.jpg <img decoding=\"async\" src=\"http:\/\/www.southitown.ga\/BigPics_w\/Goldea-the-roman-night-w.jpg\" alt=\"rencontre aquaculture touquet\" align=\"right\"> Ce samedi, cest la F\u00eate des Plantes au lyc\u00e9e agricole de Coulogne Un reportage de Vincent Perazio et Fran\u00e7ois Reinhardt dur\u00e9e 18 Des pr\u00e9sentations et le rapport sur les ateliers organis\u00e9s par la DG Recherche et Innovation du th\u00e8me KBBE, les 4 et 13 juillet 2011, \u00e0 Bruxelles, sont disponibles sur le site de la CE Horizon 2020.<\/p>\n","protected":false},"excerpt":{"rendered":"<p>rencontre aquaculture touquet<\/p>\n","protected":false},"author":1,"featured_media":0,"comment_status":"closed","ping_status":"closed","sticky":false,"template":"","format":"standard","meta":{"footnotes":""},"categories":[1],"tags":[],"_links":{"self":[{"href":"http:\/\/prueba.seine.com.uy\/wp\/wp-json\/wp\/v2\/posts\/5871"}],"collection":[{"href":"http:\/\/prueba.seine.com.uy\/wp\/wp-json\/wp\/v2\/posts"}],"about":[{"href":"http:\/\/prueba.seine.com.uy\/wp\/wp-json\/wp\/v2\/types\/post"}],"author":[{"embeddable":true,"href":"http:\/\/prueba.seine.com.uy\/wp\/wp-json\/wp\/v2\/users\/1"}],"replies":[{"embeddable":true,"href":"http:\/\/prueba.seine.com.uy\/wp\/wp-json\/wp\/v2\/comments?post=5871"}],"version-history":[{"count":1,"href":"http:\/\/prueba.seine.com.uy\/wp\/wp-json\/wp\/v2\/posts\/5871\/revisions"}],"predecessor-version":[{"id":5872,"href":"http:\/\/prueba.seine.com.uy\/wp\/wp-json\/wp\/v2\/posts\/5871\/revisions\/5872"}],"wp:attachment":[{"href":"http:\/\/prueba.seine.com.uy\/wp\/wp-json\/wp\/v2\/media?parent=5871"}],"wp:term":[{"taxonomy":"category","embeddable":true,"href":"http:\/\/prueba.seine.com.uy\/wp\/wp-json\/wp\/v2\/categories?post=5871"},{"taxonomy":"post_tag","embeddable":true,"href":"http:\/\/prueba.seine.com.uy\/wp\/wp-json\/wp\/v2\/tags?post=5871"}],"curies":[{"name":"wp","href":"https:\/\/api.w.org\/{rel}","templated":true}]}}